{"id":96,"date":"2024-11-02T09:55:20","date_gmt":"2024-11-02T09:55:20","guid":{"rendered":"https:\/\/mspb.life\/?p=96"},"modified":"2024-11-10T10:22:28","modified_gmt":"2024-11-10T10:22:28","slug":"journee-de-sensibilisation-a-la-sante-mentale-mieux-vivre-avec-soi-meme","status":"publish","type":"post","link":"https:\/\/mspb.life\/index.php\/2024\/11\/02\/journee-de-sensibilisation-a-la-sante-mentale-mieux-vivre-avec-soi-meme\/","title":{"rendered":"Journ\u00e9e de Sensibilisation \u00e0 la Sant\u00e9 Mentale &#8211; &#8220;Mieux Vivre avec soi-m\u00eame&#8221;"},"content":{"rendered":"\n<p><strong>Date : 10 janvier 2025, de 9h \u00e0 18h<\/strong><\/p>\n\n\n\n<p><strong>Lieu : Maison de Sant\u00e9 Pluriprofessionnelle Bichat<\/strong><\/p>\n\n\n\n<p><strong>Description d\u00e9taill\u00e9e :<\/strong><\/p>\n\n\n\n<p>Cette journ\u00e9e sera d\u00e9di\u00e9e \u00e0 la <strong>sant\u00e9 mentale<\/strong> et \u00e0 la <strong>gestion du bien-\u00eatre psychologique<\/strong>. Des professionnels de la sant\u00e9 mentale, notamment des psychologues, des psychiatres, et des travailleurs sociaux, animeront diverses conf\u00e9rences et ateliers pour sensibiliser les participants \u00e0 l\u2019importance de prendre soin de leur sant\u00e9 mentale.<\/p>\n\n\n\n<p><strong>9h00 &#8211; 9h30 : Introduction \u00e0 la Sant\u00e9 Mentale :<\/strong><br>Un expert en psychologie introduira la journ\u00e9e en expliquant les enjeux actuels li\u00e9s \u00e0 la sant\u00e9 mentale, ainsi que l\u2019impact de la stigmatisation sur les personnes souffrant de troubles psychiques. Il parlera \u00e9galement des ressources disponibles pour ceux qui souhaitent obtenir un accompagnement psychologique.<\/p>\n\n\n\n<p><strong>9h30 &#8211; 12h00 : Ateliers sur la Gestion du Stress et des \u00c9motions :<\/strong><br>Cette session sera un m\u00e9lange de th\u00e9orie et de pratique. Les participants apprendront des techniques simples mais efficaces pour mieux g\u00e9rer leur stress, leurs \u00e9motions et les situations de crise dans leur vie quotidienne. Des exercices de relaxation et de respiration seront guid\u00e9s par un psychoth\u00e9rapeute sp\u00e9cialis\u00e9 en gestion du stress.<\/p>\n\n\n\n<p><strong>12h00 &#8211; 13h00 : Pause D\u00e9jeuner et R\u00e9seautage :<\/strong><br>Un d\u00e9jeuner l\u00e9ger sera servi, avec un espace d\u00e9di\u00e9 aux \u00e9changes entre les participants et les intervenants, pour permettre \u00e0 chacun de poser des questions sur les th\u00e9matiques abord\u00e9es dans la matin\u00e9e.<\/p>\n\n\n\n<p><strong>13h00 &#8211; 15h00 : Groupes de Discussion et Partage d\u2019Exp\u00e9riences :<\/strong><br>L&#8217;apr\u00e8s-midi, des groupes de discussion seront organis\u00e9s pour permettre aux participants d\u2019\u00e9changer leurs exp\u00e9riences personnelles. Ces groupes seront anim\u00e9s par des psychologues et viseront \u00e0 briser le tabou autour de la sant\u00e9 mentale, tout en apportant un soutien psychologique.<\/p>\n\n\n\n<p><strong>15h00 &#8211; 16h30 : Conseils Pratiques et Pr\u00e9vention des Troubles Mentaux :<\/strong><br>Les intervenants fourniront des informations pratiques sur les moyens de maintenir une bonne sant\u00e9 mentale \u00e0 long terme. Ce segment mettra \u00e9galement l\u2019accent sur la pr\u00e9vention des troubles mentaux, en discutant de l&#8217;importance d&#8217;un environnement sain et des habitudes de vie qui soutiennent une bonne sant\u00e9 psychologique.<\/p>\n\n\n\n<p><strong>16h30 &#8211; 18h00 : S\u00e9ance de Questions-R\u00e9ponses et Cl\u00f4ture :<\/strong><br>La journ\u00e9e se terminera par une session de questions-r\u00e9ponses o\u00f9 chaque participant pourra poser ses questions sp\u00e9cifiques. Cette session permettra \u00e9galement de fournir des informations sur les services d&#8217;accompagnement disponibles pour ceux qui souhaitent poursuivre un suivi psychologique apr\u00e8s l&#8217;\u00e9v\u00e9nement.<\/p>\n","protected":false},"excerpt":{"rendered":"<p>Date : 10 janvier 2025, de 9h \u00e0 18h Lieu : Maison de Sant\u00e9 Pluriprofessionnelle Bichat Description d\u00e9taill\u00e9e : Cette journ\u00e9e sera d\u00e9di\u00e9e \u00e0 la sant\u00e9 mentale et \u00e0 la gestion du bien-\u00eatre psychologique. Des professionnels de la sant\u00e9 mentale, notamment des psychologues, des psychiatres, et des travailleurs sociaux, animeront diverses conf\u00e9rences et ateliers pour [&hellip;]<\/p>\n","protected":false},"author":1,"featured_media":0,"comment_status":"open","ping_status":"open","sticky":false,"template":"","format":"standard","meta":{"saved_in_kubio":false,"footnotes":""},"categories":[8],"tags":[],"class_list":["post-96","post","type-post","status-publish","format-standard","hentry","category-evenements"],"_links":{"self":[{"href":"https:\/\/mspb.life\/index.php\/wp-json\/wp\/v2\/posts\/96","targetHints":{"allow":["GET"]}}],"collection":[{"href":"https:\/\/mspb.life\/index.php\/wp-json\/wp\/v2\/posts"}],"about":[{"href":"https:\/\/mspb.life\/index.php\/wp-json\/wp\/v2\/types\/post"}],"author":[{"embeddable":true,"href":"https:\/\/mspb.life\/index.php\/wp-json\/wp\/v2\/users\/1"}],"replies":[{"embeddable":true,"href":"https:\/\/mspb.life\/index.php\/wp-json\/wp\/v2\/comments?post=96"}],"version-history":[{"count":1,"href":"https:\/\/mspb.life\/index.php\/wp-json\/wp\/v2\/posts\/96\/revisions"}],"predecessor-version":[{"id":102,"href":"https:\/\/mspb.life\/index.php\/wp-json\/wp\/v2\/posts\/96\/revisions\/102"}],"wp:attachment":[{"href":"https:\/\/mspb.life\/index.php\/wp-json\/wp\/v2\/media?parent=96"}],"wp:term":[{"taxonomy":"category","embeddable":true,"href":"https:\/\/mspb.life\/index.php\/wp-json\/wp\/v2\/categories?post=96"},{"taxonomy":"post_tag","embeddable":true,"href":"https:\/\/mspb.life\/index.php\/wp-json\/wp\/v2\/tags?post=96"}],"curies":[{"name":"wp","href":"https:\/\/api.w.org\/{rel}","templated":true}]}}