{"id":97,"date":"2024-11-01T09:55:35","date_gmt":"2024-11-01T09:55:35","guid":{"rendered":"https:\/\/mspb.life\/?p=97"},"modified":"2024-11-10T10:22:24","modified_gmt":"2024-11-10T10:22:24","slug":"atelier-de-meditation-et-relaxation-se-ressourcer-au-quotidien","status":"publish","type":"post","link":"https:\/\/mspb.life\/index.php\/2024\/11\/01\/atelier-de-meditation-et-relaxation-se-ressourcer-au-quotidien\/","title":{"rendered":"Atelier de M\u00e9ditation et Relaxation &#8211; &#8220;Se Ressourcer au Quotidien&#8221;"},"content":{"rendered":"\n<p><strong>Date : 20 f\u00e9vrier 2025, de 18h \u00e0 20h<\/strong><\/p>\n\n\n\n<p><strong>Lieu : Maison de Sant\u00e9 Pluriprofessionnelle Bichat<\/strong><\/p>\n\n\n\n<p><strong>Description d\u00e9taill\u00e9e :<\/strong><\/p>\n\n\n\n<p>Dans un monde o\u00f9 les rythmes effr\u00e9n\u00e9s de la vie moderne peuvent souvent provoquer du stress, de l\u2019anxi\u00e9t\u00e9 et de la fatigue mentale, il est essentiel de trouver des moments pour se ressourcer et se recentrer. C\u2019est dans cet esprit que nous vous invitons \u00e0 participer \u00e0 notre <strong>atelier de m\u00e9ditation et relaxation<\/strong>, qui se tiendra le 20 f\u00e9vrier 2025, de 18h \u00e0 20h, \u00e0 la Maison de Sant\u00e9 Pluriprofessionnelle Bichat.<\/p>\n\n\n\n<p>Cet atelier est con\u00e7u pour offrir \u00e0 chaque participant des outils pratiques et des techniques de relaxation et de m\u00e9ditation pour mieux g\u00e9rer le stress quotidien, d\u00e9velopper la pleine conscience et am\u00e9liorer son bien-\u00eatre mental et \u00e9motionnel. Il est ouvert \u00e0 tous, que vous soyez novice ou pratiquant exp\u00e9riment\u00e9.<\/p>\n\n\n\n<h4 class=\"wp-block-heading\"><strong>Le programme de l&#8217;atelier :<\/strong><\/h4>\n\n\n\n<p><strong>18h00 &#8211; 18h10 : Accueil et Introduction<\/strong> L&#8217;atelier d\u00e9butera par un accueil chaleureux, o\u00f9 l&#8217;animateur pr\u00e9sentera le but de la session et les bienfaits que la m\u00e9ditation et les techniques de relaxation peuvent apporter \u00e0 la vie quotidienne. Ce premier \u00e9change permettra de mettre les participants \u00e0 l\u2019aise et d\u2019expliquer l\u2019importance de consacrer du temps \u00e0 son bien-\u00eatre int\u00e9rieur. Il sera \u00e9galement question des objectifs de l&#8217;atelier : apprendre \u00e0 mieux g\u00e9rer le stress, d\u00e9velopper la pleine conscience et favoriser un retour \u00e0 l\u2019\u00e9quilibre mental.<\/p>\n\n\n\n<p><strong>18h10 &#8211; 18h40 : Introduction \u00e0 la M\u00e9ditation de Pleine Conscience<\/strong> La premi\u00e8re partie de l&#8217;atelier sera consacr\u00e9e \u00e0 l&#8217;introduction de la <strong>m\u00e9ditation de pleine conscience<\/strong>, une pratique reconnue pour ses nombreux bienfaits sur la r\u00e9duction du stress et l&#8217;am\u00e9lioration du bien-\u00eatre g\u00e9n\u00e9ral. La pleine conscience consiste \u00e0 porter une attention intentionnelle, sans jugement, \u00e0 l&#8217;instant pr\u00e9sent, en observant ses pens\u00e9es, sensations et \u00e9motions.<br>L&#8217;animateur guidera les participants dans un exercice de m\u00e9ditation simple, en leur apprenant \u00e0 se concentrer sur leur respiration, \u00e0 l\u00e2cher prise et \u00e0 rester dans l&#8217;instant pr\u00e9sent. Cette technique peut \u00eatre particuli\u00e8rement utile pour r\u00e9duire l&#8217;anxi\u00e9t\u00e9, am\u00e9liorer la concentration et accro\u00eetre la gestion \u00e9motionnelle.<\/p>\n\n\n\n<p><strong>18h40 &#8211; 19h10 : Techniques de Relaxation et Respiration<\/strong> La deuxi\u00e8me partie de l&#8217;atelier se concentrera sur des <strong>techniques de relaxation<\/strong> et des exercices de <strong>respiration<\/strong> visant \u00e0 d\u00e9tendre le corps et l&#8217;esprit. Ces exercices sont particuli\u00e8rement efficaces pour rel\u00e2cher les tensions physiques, abaisser la fr\u00e9quence cardiaque et apaiser le syst\u00e8me nerveux.<br>Les participants apprendront diverses techniques de respiration, telles que la <strong>respiration abdominale<\/strong> et la <strong>respiration altern\u00e9e<\/strong>, qui sont toutes deux de puissants outils de relaxation. L&#8217;animateur guidera les participants \u00e0 travers une s\u00e9rie d&#8217;exercices pratiques, en veillant \u00e0 ce que chacun puisse adapter les exercices \u00e0 ses besoins personnels.<\/p>\n\n\n\n<p><strong>19h10 &#8211; 19h40 : M\u00e9ditation Guid\u00e9e pour la D\u00e9tente Profonde<\/strong> Dans cette section de l&#8217;atelier, les participants seront invit\u00e9s \u00e0 s&#8217;installer confortablement pour une <strong>s\u00e9ance de m\u00e9ditation guid\u00e9e<\/strong> visant \u00e0 atteindre un \u00e9tat de d\u00e9tente profonde. L&#8217;animateur utilisera des visualisations relaxantes pour aider les participants \u00e0 se d\u00e9tacher des pens\u00e9es stressantes et \u00e0 se concentrer sur des images apaisantes. L&#8217;objectif est de guider chaque participant dans un \u00e9tat de calme int\u00e9rieur, en le plongeant dans un espace de s\u00e9r\u00e9nit\u00e9 propice \u00e0 la d\u00e9tente mentale et physique.<br>Cette m\u00e9ditation de relaxation profonde peut \u00eatre utilis\u00e9e en dehors de l&#8217;atelier pour apaiser l&#8217;esprit et r\u00e9g\u00e9n\u00e9rer l&#8217;\u00e9nergie, que ce soit \u00e0 la maison, au travail ou lors de moments de tension.<\/p>\n\n\n\n<p><strong>19h40 &#8211; 20h00 : Questions-R\u00e9ponses et Cl\u00f4ture<\/strong> L&#8217;atelier se terminera par une session de <strong>questions-r\u00e9ponses<\/strong>, o\u00f9 les participants pourront poser des questions sur les techniques abord\u00e9es, partager leurs impressions et discuter des d\u00e9fis rencontr\u00e9s dans la pratique quotidienne de la m\u00e9ditation et de la relaxation.<br>L&#8217;animateur prendra le temps de r\u00e9pondre \u00e0 chaque question et offrira des conseils personnalis\u00e9s pour aider les participants \u00e0 int\u00e9grer ces pratiques dans leur routine quotidienne. Un guide avec des ressources suppl\u00e9mentaires et des conseils pratiques pour approfondir la pratique \u00e0 la maison sera \u00e9galement distribu\u00e9 aux participants \u00e0 la fin de l&#8217;atelier.<\/p>\n","protected":false},"excerpt":{"rendered":"<p>Date : 20 f\u00e9vrier 2025, de 18h \u00e0 20h Lieu : Maison de Sant\u00e9 Pluriprofessionnelle Bichat Description d\u00e9taill\u00e9e : Dans un monde o\u00f9 les rythmes effr\u00e9n\u00e9s de la vie moderne peuvent souvent provoquer du stress, de l\u2019anxi\u00e9t\u00e9 et de la fatigue mentale, il est essentiel de trouver des moments pour se ressourcer et se recentrer. [&hellip;]<\/p>\n","protected":false},"author":1,"featured_media":0,"comment_status":"open","ping_status":"open","sticky":false,"template":"","format":"standard","meta":{"saved_in_kubio":false,"footnotes":""},"categories":[8],"tags":[],"class_list":["post-97","post","type-post","status-publish","format-standard","hentry","category-evenements"],"_links":{"self":[{"href":"https:\/\/mspb.life\/index.php\/wp-json\/wp\/v2\/posts\/97","targetHints":{"allow":["GET"]}}],"collection":[{"href":"https:\/\/mspb.life\/index.php\/wp-json\/wp\/v2\/posts"}],"about":[{"href":"https:\/\/mspb.life\/index.php\/wp-json\/wp\/v2\/types\/post"}],"author":[{"embeddable":true,"href":"https:\/\/mspb.life\/index.php\/wp-json\/wp\/v2\/users\/1"}],"replies":[{"embeddable":true,"href":"https:\/\/mspb.life\/index.php\/wp-json\/wp\/v2\/comments?post=97"}],"version-history":[{"count":1,"href":"https:\/\/mspb.life\/index.php\/wp-json\/wp\/v2\/posts\/97\/revisions"}],"predecessor-version":[{"id":103,"href":"https:\/\/mspb.life\/index.php\/wp-json\/wp\/v2\/posts\/97\/revisions\/103"}],"wp:attachment":[{"href":"https:\/\/mspb.life\/index.php\/wp-json\/wp\/v2\/media?parent=97"}],"wp:term":[{"taxonomy":"category","embeddable":true,"href":"https:\/\/mspb.life\/index.php\/wp-json\/wp\/v2\/categories?post=97"},{"taxonomy":"post_tag","embeddable":true,"href":"https:\/\/mspb.life\/index.php\/wp-json\/wp\/v2\/tags?post=97"}],"curies":[{"name":"wp","href":"https:\/\/api.w.org\/{rel}","templated":true}]}}