{"id":99,"date":"2024-05-14T09:56:26","date_gmt":"2024-05-14T09:56:26","guid":{"rendered":"https:\/\/mspb.life\/?p=99"},"modified":"2024-11-10T10:22:16","modified_gmt":"2024-11-10T10:22:16","slug":"atelier-de-prevention-sante-pour-les-seniors","status":"publish","type":"post","link":"https:\/\/mspb.life\/index.php\/2024\/05\/14\/atelier-de-prevention-sante-pour-les-seniors\/","title":{"rendered":"Atelier de Pr\u00e9vention Sant\u00e9 pour les Seniors"},"content":{"rendered":"\n<p><strong>Date<\/strong> : 15 janvier 2025<br><strong>Lieu<\/strong> : Maison de Sant\u00e9 Pluriprofessionnelle Bichat &#8211; Salle de Conf\u00e9rence<br><strong>Dur\u00e9e<\/strong> : 14h00 &#8211; 17h30<br><strong>Tarif<\/strong> : Gratuit<\/p>\n\n\n\n<p><strong>Description<\/strong> :<br>Cet atelier est sp\u00e9cialement con\u00e7u pour les seniors du quartier de Moskowa\/Porte de Montmartre\/Porte de Clignancourt, dans le but de promouvoir la sant\u00e9 et le bien-\u00eatre \u00e0 travers une s\u00e9rie d\u2019exercices, de conseils pratiques, et d\u2019\u00e9changes sur la pr\u00e9vention des maladies chroniques. L\u2019\u00e9quipe m\u00e9dicale de la Maison de Sant\u00e9, compos\u00e9e de m\u00e9decins, d\u2019infirmiers, et de sp\u00e9cialistes en g\u00e9riatrie, animera cet \u00e9v\u00e9nement pour offrir des informations personnalis\u00e9es et des strat\u00e9gies de pr\u00e9vention.<\/p>\n\n\n\n<p><strong>Programme<\/strong> :<\/p>\n\n\n\n<ol class=\"wp-block-list\">\n<li><strong>Accueil et Introduction<\/strong> :\n<ul class=\"wp-block-list\">\n<li>14h00 &#8211; 14h15 : Accueil des participants avec un caf\u00e9 et pr\u00e9sentation de l\u2019atelier par le pr\u00e9sident de la Maison de Sant\u00e9. Introduction aux th\u00e9matiques abord\u00e9es durant l\u2019atelier.<\/li>\n<\/ul>\n<\/li>\n\n\n\n<li><strong>Conf\u00e9rence : Pr\u00e9venir les Maladies Chroniques<\/strong> :\n<ul class=\"wp-block-list\">\n<li>14h15 &#8211; 15h00 : Pr\u00e9sentation anim\u00e9e par un m\u00e9decin g\u00e9n\u00e9raliste de la Maison de Sant\u00e9, portant sur la pr\u00e9vention des maladies chroniques fr\u00e9quentes chez les seniors, telles que l\u2019hypertension, le diab\u00e8te et les maladies cardiaques. Cette session inclut des conseils pratiques et des recommandations de suivi m\u00e9dical.<\/li>\n<\/ul>\n<\/li>\n\n\n\n<li><strong>S\u00e9ance d\u2019Exercices Adapt\u00e9s pour les Seniors<\/strong> :\n<ul class=\"wp-block-list\">\n<li>15h00 &#8211; 15h45 : Un kin\u00e9sith\u00e9rapeute animera une s\u00e9ance d\u2019exercices doux, accessibles aux personnes \u00e2g\u00e9es, ax\u00e9e sur la mobilit\u00e9, l\u2019\u00e9quilibre, et la pr\u00e9vention des chutes.<\/li>\n<\/ul>\n<\/li>\n\n\n\n<li><strong>Pause et Discussions<\/strong> :\n<ul class=\"wp-block-list\">\n<li>15h45 &#8211; 16h00 : Pause-caf\u00e9, permettant aux participants de poser des questions aux intervenants et d\u2019\u00e9changer entre eux.<\/li>\n<\/ul>\n<\/li>\n\n\n\n<li><strong>Atelier Nutrition et Habitudes Alimentaires<\/strong> :\n<ul class=\"wp-block-list\">\n<li>16h00 &#8211; 16h45 : Une di\u00e9t\u00e9ticienne abordera l\u2019importance de l\u2019alimentation dans le maintien d\u2019une bonne sant\u00e9 \u00e0 un \u00e2ge avanc\u00e9, en expliquant comment \u00e9quilibrer ses repas et \u00e9viter certaines carences. Les participants recevront des brochures avec des exemples de menus et des conseils pratiques.<\/li>\n<\/ul>\n<\/li>\n\n\n\n<li><strong>Conclusion et Distribution des Supports de Pr\u00e9vention<\/strong> :\n<ul class=\"wp-block-list\">\n<li>16h45 &#8211; 17h30 : S\u00e9ance de questions-r\u00e9ponses, suivie de la distribution de documents informatifs sur les soins de sant\u00e9 pour seniors et de ressources locales pour un suivi m\u00e9dical adapt\u00e9.<\/li>\n<\/ul>\n<\/li>\n<\/ol>\n","protected":false},"excerpt":{"rendered":"<p>Date : 15 janvier 2025Lieu : Maison de Sant\u00e9 Pluriprofessionnelle Bichat &#8211; Salle de Conf\u00e9renceDur\u00e9e : 14h00 &#8211; 17h30Tarif : Gratuit Description :Cet atelier est sp\u00e9cialement con\u00e7u pour les seniors du quartier de Moskowa\/Porte de Montmartre\/Porte de Clignancourt, dans le but de promouvoir la sant\u00e9 et le bien-\u00eatre \u00e0 travers une s\u00e9rie d\u2019exercices, de conseils [&hellip;]<\/p>\n","protected":false},"author":1,"featured_media":0,"comment_status":"open","ping_status":"open","sticky":false,"template":"","format":"standard","meta":{"saved_in_kubio":false,"footnotes":""},"categories":[8],"tags":[],"class_list":["post-99","post","type-post","status-publish","format-standard","hentry","category-evenements"],"_links":{"self":[{"href":"https:\/\/mspb.life\/index.php\/wp-json\/wp\/v2\/posts\/99","targetHints":{"allow":["GET"]}}],"collection":[{"href":"https:\/\/mspb.life\/index.php\/wp-json\/wp\/v2\/posts"}],"about":[{"href":"https:\/\/mspb.life\/index.php\/wp-json\/wp\/v2\/types\/post"}],"author":[{"embeddable":true,"href":"https:\/\/mspb.life\/index.php\/wp-json\/wp\/v2\/users\/1"}],"replies":[{"embeddable":true,"href":"https:\/\/mspb.life\/index.php\/wp-json\/wp\/v2\/comments?post=99"}],"version-history":[{"count":1,"href":"https:\/\/mspb.life\/index.php\/wp-json\/wp\/v2\/posts\/99\/revisions"}],"predecessor-version":[{"id":105,"href":"https:\/\/mspb.life\/index.php\/wp-json\/wp\/v2\/posts\/99\/revisions\/105"}],"wp:attachment":[{"href":"https:\/\/mspb.life\/index.php\/wp-json\/wp\/v2\/media?parent=99"}],"wp:term":[{"taxonomy":"category","embeddable":true,"href":"https:\/\/mspb.life\/index.php\/wp-json\/wp\/v2\/categories?post=99"},{"taxonomy":"post_tag","embeddable":true,"href":"https:\/\/mspb.life\/index.php\/wp-json\/wp\/v2\/tags?post=99"}],"curies":[{"name":"wp","href":"https:\/\/api.w.org\/{rel}","templated":true}]}}